{"id":259,"date":"2026-02-10T10:25:36","date_gmt":"2026-02-10T09:25:36","guid":{"rendered":"https:\/\/www.downssyndrom.no\/hedmark\/?p=259"},"modified":"2026-02-10T15:03:28","modified_gmt":"2026-02-10T14:03:28","slug":"store-og-sma-koste-seg-pa-juletrefest","status":"publish","type":"post","link":"https:\/\/www.downssyndrom.no\/hedmark\/2026\/02\/10\/store-og-sma-koste-seg-pa-juletrefest\/","title":{"rendered":"Store og sm\u00e5 koste seg p\u00e5 juletrefest"},"content":{"rendered":"<h1 class=\"wp-block-post-title\">Store og sm\u00e5 koste seg p\u00e5 juletrefest<\/h1>\n\n<p class=\"t2-ingress wp-block-t2-ingress\">Den 10. januar 2026 var det igjen tid for den tradisjonelle juletrefesten for alle medlemmer i foreningen i Hedmark fylke. <\/p>\n\n\n<p>Over 100 festkledde gjester deltok i de hyggelige aktivitetene rundt juletreet. Vi hadde loddsalg, og vi n\u00f8t b\u00e5de p\u00f8lser, deilig medbrakt mat og kaker.<\/p>\n\n\n\n<p>Dette <a href=\"https:\/\/www.downssyndrom.no\/hedmark\/aktiviteter-gjennom-aret\/\">\u00e5rlige arrangementet<\/a> er en flott anledning for mange \u00e5 invitere storfamilien med for \u00e5 nyte dagen sammen. En koselig dag for b\u00e5de store og sm\u00e5.<\/p>\n\n\n\n<p>Sett av datoen i kalenderen allerede n\u00e5 \u2013 <a href=\"https:\/\/www.downssyndrom.no\/hedmark\/arrangementer\/juletrefest-2027\/\">neste juletrefest blir 9. januar 2027 p\u00e5 Ynglingen i Hamar<\/a>!<\/p>\n\n\n\n<figure class=\"wp-block-gallery has-nested-images columns-2 is-cropped wp-block-gallery-1 is-layout-flex wp-block-gallery-is-layout-flex\">\n<figure class=\"wp-block-image size-large\"><img loading=\"lazy\" decoding=\"async\" width=\"640\" height=\"481\" data-id=\"261\" src=\"https:\/\/www.downssyndrom.no\/content\/uploads\/sites\/11\/2026\/02\/juletrefest-2026.jpg\" alt=\"\" class=\"wp-image-261\" srcset=\"https:\/\/www.downssyndrom.no\/content\/uploads\/sites\/11\/2026\/02\/juletrefest-2026.jpg 640w, https:\/\/www.downssyndrom.no\/content\/uploads\/sites\/11\/2026\/02\/juletrefest-2026-300x225.jpg 300w\" sizes=\"auto, (max-width: 640px) 100vw, 640px\" \/><\/figure>\n\n\n\n<figure class=\"wp-block-image size-large\"><img loading=\"lazy\" decoding=\"async\" width=\"481\" height=\"640\" data-id=\"262\" src=\"https:\/\/www.downssyndrom.no\/content\/uploads\/sites\/11\/2026\/02\/julenissen.jpg\" alt=\"\" class=\"wp-image-262\" srcset=\"https:\/\/www.downssyndrom.no\/content\/uploads\/sites\/11\/2026\/02\/julenissen.jpg 481w, https:\/\/www.downssyndrom.no\/content\/uploads\/sites\/11\/2026\/02\/julenissen-225x300.jpg 225w\" sizes=\"auto, (max-width: 481px) 100vw, 481px\" \/><\/figure>\n\n\n\n<figure class=\"wp-block-image size-large\"><img loading=\"lazy\" decoding=\"async\" width=\"640\" height=\"480\" data-id=\"260\" src=\"https:\/\/www.downssyndrom.no\/content\/uploads\/sites\/11\/2026\/02\/Tre-blide-jenter.jpg\" alt=\"\" class=\"wp-image-260\" srcset=\"https:\/\/www.downssyndrom.no\/content\/uploads\/sites\/11\/2026\/02\/Tre-blide-jenter.jpg 640w, https:\/\/www.downssyndrom.no\/content\/uploads\/sites\/11\/2026\/02\/Tre-blide-jenter-300x225.jpg 300w\" sizes=\"auto, (max-width: 640px) 100vw, 640px\" \/><\/figure>\n<figcaption class=\"blocks-gallery-caption wp-element-caption\">Bilder fra juletrefesten 10. januar 2025<\/figcaption><\/figure>\n","protected":false},"excerpt":{"rendered":"<p>Over 100 festkledde gjester deltok i de hyggelige aktivitetene rundt juletreet. Det ble arrangert loddsalg, og vi n\u00f8t b\u00e5de p\u00f8lser, deilig medbrakt mat og kaker.<\/p>\n","protected":false},"author":2,"featured_media":260,"comment_status":"open","ping_status":"open","sticky":false,"template":"","format":"standard","meta":{"alternative_post_author":"","footnotes":""},"categories":[1],"tags":[],"class_list":["post-259","post","type-post","status-publish","format-standard","has-post-thumbnail","hentry","category-ukategorisert"],"yoast_head":"<!-- This site is optimized with the Yoast SEO Premium plugin v26.4-RC2 (Yoast SEO v26.4-RC2) - https:\/\/yoast.com\/wordpress\/plugins\/seo\/ -->\n<title>Store og sm\u00e5 koste seg p\u00e5 juletrefest - Downs Syndrom Hedmark<\/title>\n<meta name=\"description\" content=\"10. januar var datoen for \u00e5rets juletrefest. Over 100 festkledde gjester deltok i de hyggelige aktivitetene rundt juletreet.\" \/>\n<meta name=\"robots\" content=\"index, follow, max-snippet:-1, max-image-preview:large, max-video-preview:-1\" \/>\n<link rel=\"canonical\" href=\"https:\/\/www.downssyndrom.no\/hedmark\/2026\/02\/10\/store-og-sma-koste-seg-pa-juletrefest\/\" \/>\n<meta property=\"og:locale\" content=\"nb_NO\" \/>\n<meta property=\"og:type\" content=\"article\" \/>\n<meta property=\"og:title\" content=\"Store og sm\u00e5 koste seg p\u00e5 juletrefest\" \/>\n<meta property=\"og:description\" content=\"10. januar var datoen for \u00e5rets juletrefest. Over 100 festkledde gjester deltok i de hyggelige aktivitetene rundt juletreet.\" \/>\n<meta property=\"og:url\" content=\"https:\/\/www.downssyndrom.no\/hedmark\/2026\/02\/10\/store-og-sma-koste-seg-pa-juletrefest\/\" \/>\n<meta property=\"og:site_name\" content=\"Downs Syndrom Hedmark\" \/>\n<meta property=\"article:published_time\" content=\"2026-02-10T09:25:36+00:00\" \/>\n<meta property=\"article:modified_time\" content=\"2026-02-10T14:03:28+00:00\" \/>\n<meta property=\"og:image\" content=\"https:\/\/www.downssyndrom.no\/content\/uploads\/sites\/11\/2026\/02\/Tre-blide-jenter.jpg\" \/>\n\t<meta property=\"og:image:width\" content=\"640\" \/>\n\t<meta property=\"og:image:height\" content=\"480\" \/>\n\t<meta property=\"og:image:type\" content=\"image\/jpeg\" \/>\n<meta name=\"author\" content=\"Ingrid Bronken Hauge\" \/>\n<meta name=\"twitter:card\" content=\"summary_large_image\" \/>\n<meta name=\"twitter:label1\" content=\"Skrevet av\" \/>\n\t<meta name=\"twitter:data1\" content=\"Ingrid Bronken Hauge\" \/>\n\t<meta name=\"twitter:label2\" content=\"Ansl. lesetid\" \/>\n\t<meta name=\"twitter:data2\" content=\"2 minutter\" \/>\n<script type=\"application\/ld+json\" class=\"yoast-schema-graph\">{\"@context\":\"https:\/\/schema.org\",\"@graph\":[{\"@type\":\"Article\",\"@id\":\"https:\/\/www.downssyndrom.no\/hedmark\/2026\/02\/10\/store-og-sma-koste-seg-pa-juletrefest\/#article\",\"isPartOf\":{\"@id\":\"https:\/\/www.downssyndrom.no\/hedmark\/2026\/02\/10\/store-og-sma-koste-seg-pa-juletrefest\/\"},\"author\":{\"name\":\"Ingrid Bronken Hauge\",\"@id\":\"https:\/\/www.downssyndrom.no\/hedmark\/#\/schema\/person\/c1eb36f15bd2197bd75165ce3788093c\"},\"headline\":\"Store og sm\u00e5 koste seg p\u00e5 juletrefest\",\"datePublished\":\"2026-02-10T09:25:36+00:00\",\"dateModified\":\"2026-02-10T14:03:28+00:00\",\"mainEntityOfPage\":{\"@id\":\"https:\/\/www.downssyndrom.no\/hedmark\/2026\/02\/10\/store-og-sma-koste-seg-pa-juletrefest\/\"},\"wordCount\":77,\"commentCount\":0,\"publisher\":{\"@id\":\"https:\/\/www.downssyndrom.no\/hedmark\/#organization\"},\"image\":{\"@id\":\"https:\/\/www.downssyndrom.no\/hedmark\/2026\/02\/10\/store-og-sma-koste-seg-pa-juletrefest\/#primaryimage\"},\"thumbnailUrl\":\"https:\/\/www.downssyndrom.no\/content\/uploads\/sites\/11\/2026\/02\/Tre-blide-jenter.jpg\",\"inLanguage\":\"nb-NO\",\"potentialAction\":[{\"@type\":\"CommentAction\",\"name\":\"Comment\",\"target\":[\"https:\/\/www.downssyndrom.no\/hedmark\/2026\/02\/10\/store-og-sma-koste-seg-pa-juletrefest\/#respond\"]}]},{\"@type\":\"WebPage\",\"@id\":\"https:\/\/www.downssyndrom.no\/hedmark\/2026\/02\/10\/store-og-sma-koste-seg-pa-juletrefest\/\",\"url\":\"https:\/\/www.downssyndrom.no\/hedmark\/2026\/02\/10\/store-og-sma-koste-seg-pa-juletrefest\/\",\"name\":\"Store og sm\u00e5 koste seg p\u00e5 juletrefest - Downs Syndrom Hedmark\",\"isPartOf\":{\"@id\":\"https:\/\/www.downssyndrom.no\/hedmark\/#website\"},\"primaryImageOfPage\":{\"@id\":\"https:\/\/www.downssyndrom.no\/hedmark\/2026\/02\/10\/store-og-sma-koste-seg-pa-juletrefest\/#primaryimage\"},\"image\":{\"@id\":\"https:\/\/www.downssyndrom.no\/hedmark\/2026\/02\/10\/store-og-sma-koste-seg-pa-juletrefest\/#primaryimage\"},\"thumbnailUrl\":\"https:\/\/www.downssyndrom.no\/content\/uploads\/sites\/11\/2026\/02\/Tre-blide-jenter.jpg\",\"datePublished\":\"2026-02-10T09:25:36+00:00\",\"dateModified\":\"2026-02-10T14:03:28+00:00\",\"description\":\"10. januar var datoen for \u00e5rets juletrefest. Over 100 festkledde gjester deltok i de hyggelige aktivitetene rundt juletreet.\",\"breadcrumb\":{\"@id\":\"https:\/\/www.downssyndrom.no\/hedmark\/2026\/02\/10\/store-og-sma-koste-seg-pa-juletrefest\/#breadcrumb\"},\"inLanguage\":\"nb-NO\",\"potentialAction\":[{\"@type\":\"ReadAction\",\"target\":[\"https:\/\/www.downssyndrom.no\/hedmark\/2026\/02\/10\/store-og-sma-koste-seg-pa-juletrefest\/\"]}]},{\"@type\":\"ImageObject\",\"inLanguage\":\"nb-NO\",\"@id\":\"https:\/\/www.downssyndrom.no\/hedmark\/2026\/02\/10\/store-og-sma-koste-seg-pa-juletrefest\/#primaryimage\",\"url\":\"https:\/\/www.downssyndrom.no\/content\/uploads\/sites\/11\/2026\/02\/Tre-blide-jenter.jpg\",\"contentUrl\":\"https:\/\/www.downssyndrom.no\/content\/uploads\/sites\/11\/2026\/02\/Tre-blide-jenter.jpg\",\"width\":640,\"height\":480,\"caption\":\"Tre blide jenter p\u00e5 juletrefest\"},{\"@type\":\"BreadcrumbList\",\"@id\":\"https:\/\/www.downssyndrom.no\/hedmark\/2026\/02\/10\/store-og-sma-koste-seg-pa-juletrefest\/#breadcrumb\",\"itemListElement\":[{\"@type\":\"ListItem\",\"position\":1,\"name\":\"Hjem\",\"item\":\"https:\/\/www.downssyndrom.no\/hedmark\/\"},{\"@type\":\"ListItem\",\"position\":2,\"name\":\"Store og sm\u00e5 koste seg p\u00e5 juletrefest\"}]},{\"@type\":\"WebSite\",\"@id\":\"https:\/\/www.downssyndrom.no\/hedmark\/#website\",\"url\":\"https:\/\/www.downssyndrom.no\/hedmark\/\",\"name\":\"Downs Syndrom Hedmark\",\"description\":\"\",\"publisher\":{\"@id\":\"https:\/\/www.downssyndrom.no\/hedmark\/#organization\"},\"potentialAction\":[{\"@type\":\"SearchAction\",\"target\":{\"@type\":\"EntryPoint\",\"urlTemplate\":\"https:\/\/www.downssyndrom.no\/hedmark\/?s={search_term_string}\"},\"query-input\":{\"@type\":\"PropertyValueSpecification\",\"valueRequired\":true,\"valueName\":\"search_term_string\"}}],\"inLanguage\":\"nb-NO\"},{\"@type\":\"Organization\",\"@id\":\"https:\/\/www.downssyndrom.no\/hedmark\/#organization\",\"name\":\"Downs Syndrom Hedmark\",\"url\":\"https:\/\/www.downssyndrom.no\/hedmark\/\",\"logo\":{\"@type\":\"ImageObject\",\"inLanguage\":\"nb-NO\",\"@id\":\"https:\/\/www.downssyndrom.no\/hedmark\/#\/schema\/logo\/image\/\",\"url\":\"https:\/\/www.downssyndrom.no\/content\/uploads\/sites\/11\/2024\/03\/cropped-logo-downs-syndrom-hedmark.png\",\"contentUrl\":\"https:\/\/www.downssyndrom.no\/content\/uploads\/sites\/11\/2024\/03\/cropped-logo-downs-syndrom-hedmark.png\",\"width\":1523,\"height\":387,\"caption\":\"Downs Syndrom Hedmark\"},\"image\":{\"@id\":\"https:\/\/www.downssyndrom.no\/hedmark\/#\/schema\/logo\/image\/\"}},{\"@type\":\"Person\",\"@id\":\"https:\/\/www.downssyndrom.no\/hedmark\/#\/schema\/person\/c1eb36f15bd2197bd75165ce3788093c\",\"name\":\"Ingrid Bronken Hauge\",\"image\":{\"@type\":\"ImageObject\",\"inLanguage\":\"nb-NO\",\"@id\":\"https:\/\/www.downssyndrom.no\/hedmark\/#\/schema\/person\/image\/\",\"url\":\"https:\/\/secure.gravatar.com\/avatar\/1964e53d2f747d5dc93355f3c58eacb4f059576c091a6e0749015a6540fe3e0f?s=96&d=mm&r=g\",\"contentUrl\":\"https:\/\/secure.gravatar.com\/avatar\/1964e53d2f747d5dc93355f3c58eacb4f059576c091a6e0749015a6540fe3e0f?s=96&d=mm&r=g\",\"caption\":\"Ingrid Bronken Hauge\"},\"url\":\"https:\/\/www.downssyndrom.no\/hedmark\/author\/ingridb\/\"}]}<\/script>\n<!-- \/ Yoast SEO Premium plugin. -->","yoast_head_json":{"title":"Store og sm\u00e5 koste seg p\u00e5 juletrefest - Downs Syndrom Hedmark","description":"10. januar var datoen for \u00e5rets juletrefest. Over 100 festkledde gjester deltok i de hyggelige aktivitetene rundt juletreet.","robots":{"index":"index","follow":"follow","max-snippet":"max-snippet:-1","max-image-preview":"max-image-preview:large","max-video-preview":"max-video-preview:-1"},"canonical":"https:\/\/www.downssyndrom.no\/hedmark\/2026\/02\/10\/store-og-sma-koste-seg-pa-juletrefest\/","og_locale":"nb_NO","og_type":"article","og_title":"Store og sm\u00e5 koste seg p\u00e5 juletrefest","og_description":"10. januar var datoen for \u00e5rets juletrefest. Over 100 festkledde gjester deltok i de hyggelige aktivitetene rundt juletreet.","og_url":"https:\/\/www.downssyndrom.no\/hedmark\/2026\/02\/10\/store-og-sma-koste-seg-pa-juletrefest\/","og_site_name":"Downs Syndrom Hedmark","article_published_time":"2026-02-10T09:25:36+00:00","article_modified_time":"2026-02-10T14:03:28+00:00","og_image":[{"width":640,"height":480,"url":"https:\/\/www.downssyndrom.no\/content\/uploads\/sites\/11\/2026\/02\/Tre-blide-jenter.jpg","type":"image\/jpeg"}],"author":"Ingrid Bronken Hauge","twitter_card":"summary_large_image","twitter_misc":{"Skrevet av":"Ingrid Bronken Hauge","Ansl. lesetid":"2 minutter"},"schema":{"@context":"https:\/\/schema.org","@graph":[{"@type":"Article","@id":"https:\/\/www.downssyndrom.no\/hedmark\/2026\/02\/10\/store-og-sma-koste-seg-pa-juletrefest\/#article","isPartOf":{"@id":"https:\/\/www.downssyndrom.no\/hedmark\/2026\/02\/10\/store-og-sma-koste-seg-pa-juletrefest\/"},"author":{"name":"Ingrid Bronken Hauge","@id":"https:\/\/www.downssyndrom.no\/hedmark\/#\/schema\/person\/c1eb36f15bd2197bd75165ce3788093c"},"headline":"Store og sm\u00e5 koste seg p\u00e5 juletrefest","datePublished":"2026-02-10T09:25:36+00:00","dateModified":"2026-02-10T14:03:28+00:00","mainEntityOfPage":{"@id":"https:\/\/www.downssyndrom.no\/hedmark\/2026\/02\/10\/store-og-sma-koste-seg-pa-juletrefest\/"},"wordCount":77,"commentCount":0,"publisher":{"@id":"https:\/\/www.downssyndrom.no\/hedmark\/#organization"},"image":{"@id":"https:\/\/www.downssyndrom.no\/hedmark\/2026\/02\/10\/store-og-sma-koste-seg-pa-juletrefest\/#primaryimage"},"thumbnailUrl":"https:\/\/www.downssyndrom.no\/content\/uploads\/sites\/11\/2026\/02\/Tre-blide-jenter.jpg","inLanguage":"nb-NO","potentialAction":[{"@type":"CommentAction","name":"Comment","target":["https:\/\/www.downssyndrom.no\/hedmark\/2026\/02\/10\/store-og-sma-koste-seg-pa-juletrefest\/#respond"]}]},{"@type":"WebPage","@id":"https:\/\/www.downssyndrom.no\/hedmark\/2026\/02\/10\/store-og-sma-koste-seg-pa-juletrefest\/","url":"https:\/\/www.downssyndrom.no\/hedmark\/2026\/02\/10\/store-og-sma-koste-seg-pa-juletrefest\/","name":"Store og sm\u00e5 koste seg p\u00e5 juletrefest - Downs Syndrom Hedmark","isPartOf":{"@id":"https:\/\/www.downssyndrom.no\/hedmark\/#website"},"primaryImageOfPage":{"@id":"https:\/\/www.downssyndrom.no\/hedmark\/2026\/02\/10\/store-og-sma-koste-seg-pa-juletrefest\/#primaryimage"},"image":{"@id":"https:\/\/www.downssyndrom.no\/hedmark\/2026\/02\/10\/store-og-sma-koste-seg-pa-juletrefest\/#primaryimage"},"thumbnailUrl":"https:\/\/www.downssyndrom.no\/content\/uploads\/sites\/11\/2026\/02\/Tre-blide-jenter.jpg","datePublished":"2026-02-10T09:25:36+00:00","dateModified":"2026-02-10T14:03:28+00:00","description":"10. januar var datoen for \u00e5rets juletrefest. Over 100 festkledde gjester deltok i de hyggelige aktivitetene rundt juletreet.","breadcrumb":{"@id":"https:\/\/www.downssyndrom.no\/hedmark\/2026\/02\/10\/store-og-sma-koste-seg-pa-juletrefest\/#breadcrumb"},"inLanguage":"nb-NO","potentialAction":[{"@type":"ReadAction","target":["https:\/\/www.downssyndrom.no\/hedmark\/2026\/02\/10\/store-og-sma-koste-seg-pa-juletrefest\/"]}]},{"@type":"ImageObject","inLanguage":"nb-NO","@id":"https:\/\/www.downssyndrom.no\/hedmark\/2026\/02\/10\/store-og-sma-koste-seg-pa-juletrefest\/#primaryimage","url":"https:\/\/www.downssyndrom.no\/content\/uploads\/sites\/11\/2026\/02\/Tre-blide-jenter.jpg","contentUrl":"https:\/\/www.downssyndrom.no\/content\/uploads\/sites\/11\/2026\/02\/Tre-blide-jenter.jpg","width":640,"height":480,"caption":"Tre blide jenter p\u00e5 juletrefest"},{"@type":"BreadcrumbList","@id":"https:\/\/www.downssyndrom.no\/hedmark\/2026\/02\/10\/store-og-sma-koste-seg-pa-juletrefest\/#breadcrumb","itemListElement":[{"@type":"ListItem","position":1,"name":"Hjem","item":"https:\/\/www.downssyndrom.no\/hedmark\/"},{"@type":"ListItem","position":2,"name":"Store og sm\u00e5 koste seg p\u00e5 juletrefest"}]},{"@type":"WebSite","@id":"https:\/\/www.downssyndrom.no\/hedmark\/#website","url":"https:\/\/www.downssyndrom.no\/hedmark\/","name":"Downs Syndrom Hedmark","description":"","publisher":{"@id":"https:\/\/www.downssyndrom.no\/hedmark\/#organization"},"potentialAction":[{"@type":"SearchAction","target":{"@type":"EntryPoint","urlTemplate":"https:\/\/www.downssyndrom.no\/hedmark\/?s={search_term_string}"},"query-input":{"@type":"PropertyValueSpecification","valueRequired":true,"valueName":"search_term_string"}}],"inLanguage":"nb-NO"},{"@type":"Organization","@id":"https:\/\/www.downssyndrom.no\/hedmark\/#organization","name":"Downs Syndrom Hedmark","url":"https:\/\/www.downssyndrom.no\/hedmark\/","logo":{"@type":"ImageObject","inLanguage":"nb-NO","@id":"https:\/\/www.downssyndrom.no\/hedmark\/#\/schema\/logo\/image\/","url":"https:\/\/www.downssyndrom.no\/content\/uploads\/sites\/11\/2024\/03\/cropped-logo-downs-syndrom-hedmark.png","contentUrl":"https:\/\/www.downssyndrom.no\/content\/uploads\/sites\/11\/2024\/03\/cropped-logo-downs-syndrom-hedmark.png","width":1523,"height":387,"caption":"Downs Syndrom Hedmark"},"image":{"@id":"https:\/\/www.downssyndrom.no\/hedmark\/#\/schema\/logo\/image\/"}},{"@type":"Person","@id":"https:\/\/www.downssyndrom.no\/hedmark\/#\/schema\/person\/c1eb36f15bd2197bd75165ce3788093c","name":"Ingrid Bronken Hauge","image":{"@type":"ImageObject","inLanguage":"nb-NO","@id":"https:\/\/www.downssyndrom.no\/hedmark\/#\/schema\/person\/image\/","url":"https:\/\/secure.gravatar.com\/avatar\/1964e53d2f747d5dc93355f3c58eacb4f059576c091a6e0749015a6540fe3e0f?s=96&d=mm&r=g","contentUrl":"https:\/\/secure.gravatar.com\/avatar\/1964e53d2f747d5dc93355f3c58eacb4f059576c091a6e0749015a6540fe3e0f?s=96&d=mm&r=g","caption":"Ingrid Bronken Hauge"},"url":"https:\/\/www.downssyndrom.no\/hedmark\/author\/ingridb\/"}]}},"_links":{"self":[{"href":"https:\/\/www.downssyndrom.no\/hedmark\/wp-json\/wp\/v2\/posts\/259","targetHints":{"allow":["GET"]}}],"collection":[{"href":"https:\/\/www.downssyndrom.no\/hedmark\/wp-json\/wp\/v2\/posts"}],"about":[{"href":"https:\/\/www.downssyndrom.no\/hedmark\/wp-json\/wp\/v2\/types\/post"}],"author":[{"embeddable":true,"href":"https:\/\/www.downssyndrom.no\/hedmark\/wp-json\/wp\/v2\/users\/2"}],"replies":[{"embeddable":true,"href":"https:\/\/www.downssyndrom.no\/hedmark\/wp-json\/wp\/v2\/comments?post=259"}],"version-history":[{"count":5,"href":"https:\/\/www.downssyndrom.no\/hedmark\/wp-json\/wp\/v2\/posts\/259\/revisions"}],"predecessor-version":[{"id":282,"href":"https:\/\/www.downssyndrom.no\/hedmark\/wp-json\/wp\/v2\/posts\/259\/revisions\/282"}],"wp:featuredmedia":[{"embeddable":true,"href":"https:\/\/www.downssyndrom.no\/hedmark\/wp-json\/wp\/v2\/media\/260"}],"wp:attachment":[{"href":"https:\/\/www.downssyndrom.no\/hedmark\/wp-json\/wp\/v2\/media?parent=259"}],"wp:term":[{"taxonomy":"category","embeddable":true,"href":"https:\/\/www.downssyndrom.no\/hedmark\/wp-json\/wp\/v2\/categories?post=259"},{"taxonomy":"post_tag","embeddable":true,"href":"https:\/\/www.downssyndrom.no\/hedmark\/wp-json\/wp\/v2\/tags?post=259"}],"curies":[{"name":"wp","href":"https:\/\/api.w.org\/{rel}","templated":true}]}}